{"id":1860,"date":"2023-07-17T14:18:58","date_gmt":"2023-07-17T14:18:58","guid":{"rendered":"https:\/\/www.feriados.be\/blog\/?p=1860"},"modified":"2024-11-22T20:07:16","modified_gmt":"2024-11-22T20:07:16","slug":"ga-eens-off-the-beaten-track-in-italie","status":"publish","type":"post","link":"https:\/\/www.feriados.be\/blog\/italie\/ga-eens-off-the-beaten-track-in-italie\/","title":{"rendered":"Ga eens \u2018off the beaten track\u2019 in Itali\u00eb"},"content":{"rendered":"<p><strong>Itali\u00eb helemaal doorgronden? Dat lukt je niet in een mensenleven. Want het land herbergt heel wat verborgen, unieke schatten. Zo ontdek je een pak onaangeroerde landschappen en onbekende dorpen, waar je <a href=\"https:\/\/www.italia.it\/en\" target=\"_blank\" rel=\"noreferrer noopener\">Itali\u00eb<\/a>\u00a0telkens nog een klein beetje beter leert kennen.<\/strong><\/p>\n<p><!--more--><\/p>\n<blockquote class=\"modern-quote\"><p>Klaar om je te laten verrassen? Doe hieronder dan alvast inspiratie op, want we verzamelden vier \u2018off the beaten track\u2019-bestemmingen.<\/p><\/blockquote>\n<h2 style=\"text-align: left;\"><a href=\"https:\/\/www.italia.it\/en\/umbria\" target=\"_blank\" rel=\"noreferrer noopener\">Umbri\u00eb<\/a>: de groene long van Itali\u00eb<\/h2>\n<p>Zomergroene heuvels boordevol olijfbomen en wijnranken. Met hier en daar een charmant, middeleeuws dorp. Waar vriendelijke inwoners je trots hun beste olijfolie, pasta en charcuterie presenteren. Dat is Umbri\u00eb. Je bezoekt er enkele van de mooiste dorpen van het land. Zo bewonder je Spello, dat zich tegen de flank van Monte Subasio nestelt. En bots je op een 13<sup>e<\/sup>-eeuwse kathedraal in Orvieto.<br \/>\nAan de oevers van Lago Trasimeno kijk je uit over \u00e9\u00e9n van Itali\u00ebs grootste meren. Langs een knap fietspad trap je er helemaal rond. Onderweg rust je uit in een gezellige trattoria, waar je je tanden in een verse moot vis zet. Nood aan een citybreak? Haast je dan naar Perugia, de hoofdstad van Umbri\u00eb. Deze universiteitsstad trekt heel wat jongeren en toeristen aan. Die flaneren door een doolhof van nauwe straatjes. Waar monumentale kerken en eeuwenoude gebouwen elkaar in sneltempo opvolgen.<\/p>\n<figure id=\"attachment_1866\" aria-describedby=\"caption-attachment-1866\" style=\"width: 300px\" class=\"wp-caption alignleft\"><img loading=\"lazy\" decoding=\"async\" class=\"wp-image-1866 size-medium\" title=\"Perugia, Punto di Vista panoramic terrace - \u00a9Umbria Region\" src=\"https:\/\/www.feriados.be\/blog\/wp-content\/uploads\/2023\/07\/Perugia-Punto-di-Vista-panoramic-terrace-\u00a9Umbria-Region-300x200.jpg\" alt=\"\" width=\"300\" height=\"200\" srcset=\"https:\/\/www.feriados.be\/blog\/wp-content\/uploads\/2023\/07\/Perugia-Punto-di-Vista-panoramic-terrace-\u00a9Umbria-Region-300x200.jpg 300w, https:\/\/www.feriados.be\/blog\/wp-content\/uploads\/2023\/07\/Perugia-Punto-di-Vista-panoramic-terrace-\u00a9Umbria-Region-1024x683.jpg 1024w, https:\/\/www.feriados.be\/blog\/wp-content\/uploads\/2023\/07\/Perugia-Punto-di-Vista-panoramic-terrace-\u00a9Umbria-Region-768x512.jpg 768w, https:\/\/www.feriados.be\/blog\/wp-content\/uploads\/2023\/07\/Perugia-Punto-di-Vista-panoramic-terrace-\u00a9Umbria-Region-1536x1024.jpg 1536w, https:\/\/www.feriados.be\/blog\/wp-content\/uploads\/2023\/07\/Perugia-Punto-di-Vista-panoramic-terrace-\u00a9Umbria-Region-2048x1365.jpg 2048w, https:\/\/www.feriados.be\/blog\/wp-content\/uploads\/2023\/07\/Perugia-Punto-di-Vista-panoramic-terrace-\u00a9Umbria-Region-175x117.jpg 175w, https:\/\/www.feriados.be\/blog\/wp-content\/uploads\/2023\/07\/Perugia-Punto-di-Vista-panoramic-terrace-\u00a9Umbria-Region-450x300.jpg 450w, https:\/\/www.feriados.be\/blog\/wp-content\/uploads\/2023\/07\/Perugia-Punto-di-Vista-panoramic-terrace-\u00a9Umbria-Region-1170x780.jpg 1170w, https:\/\/www.feriados.be\/blog\/wp-content\/uploads\/2023\/07\/Perugia-Punto-di-Vista-panoramic-terrace-\u00a9Umbria-Region-270x180.jpg 270w\" sizes=\"auto, (max-width: 300px) 100vw, 300px\" \/><figcaption id=\"caption-attachment-1866\" class=\"wp-caption-text\">Perugia, Punto di Vista panoramic terrace &#8211; \u00a9Umbria Region<\/figcaption><\/figure>\n<figure id=\"attachment_1865\" aria-describedby=\"caption-attachment-1865\" style=\"width: 300px\" class=\"wp-caption alignright\"><img loading=\"lazy\" decoding=\"async\" class=\"wp-image-1865 size-medium\" title=\"Montefalco, Umbria, panorama- \u00a9Umbria Regoin\" src=\"https:\/\/www.feriados.be\/blog\/wp-content\/uploads\/2023\/07\/Montefalco-Umbria-panorama-\u00a9Umbria-Regoin-300x200.jpg\" alt=\"Montefalco, Umbria, panorama- \u00a9Umbria Regoin\" width=\"300\" height=\"200\" srcset=\"https:\/\/www.feriados.be\/blog\/wp-content\/uploads\/2023\/07\/Montefalco-Umbria-panorama-\u00a9Umbria-Regoin-300x200.jpg 300w, https:\/\/www.feriados.be\/blog\/wp-content\/uploads\/2023\/07\/Montefalco-Umbria-panorama-\u00a9Umbria-Regoin-1024x682.jpg 1024w, https:\/\/www.feriados.be\/blog\/wp-content\/uploads\/2023\/07\/Montefalco-Umbria-panorama-\u00a9Umbria-Regoin-768x511.jpg 768w, https:\/\/www.feriados.be\/blog\/wp-content\/uploads\/2023\/07\/Montefalco-Umbria-panorama-\u00a9Umbria-Regoin-1536x1022.jpg 1536w, https:\/\/www.feriados.be\/blog\/wp-content\/uploads\/2023\/07\/Montefalco-Umbria-panorama-\u00a9Umbria-Regoin-2048x1363.jpg 2048w, https:\/\/www.feriados.be\/blog\/wp-content\/uploads\/2023\/07\/Montefalco-Umbria-panorama-\u00a9Umbria-Regoin-175x116.jpg 175w, https:\/\/www.feriados.be\/blog\/wp-content\/uploads\/2023\/07\/Montefalco-Umbria-panorama-\u00a9Umbria-Regoin-450x300.jpg 450w, https:\/\/www.feriados.be\/blog\/wp-content\/uploads\/2023\/07\/Montefalco-Umbria-panorama-\u00a9Umbria-Regoin-1170x779.jpg 1170w, https:\/\/www.feriados.be\/blog\/wp-content\/uploads\/2023\/07\/Montefalco-Umbria-panorama-\u00a9Umbria-Regoin-270x180.jpg 270w\" sizes=\"auto, (max-width: 300px) 100vw, 300px\" \/><figcaption id=\"caption-attachment-1865\" class=\"wp-caption-text\">Montefalco, Umbria, panorama- \u00a9Umbria Regoin<\/figcaption><\/figure>\n<p>&nbsp;<\/p>\n<p>&nbsp;<\/p>\n<p>&nbsp;<\/p>\n<p>&nbsp;<\/p>\n<p>&nbsp;<\/p>\n<p>&nbsp;<\/p>\n<h2 style=\"text-align: left;\"><a href=\"https:\/\/www.italia.it\/en\/piedmont\/things-to-do\/langhe-roero-and-monferrato\" target=\"_blank\" rel=\"noreferrer noopener\">Langhe-Roero en Monferatto<\/a>: wondermooi wijnwalhalla<\/h2>\n<p>Dankzij z\u2019n glooiende landschap en uitstekende wijnen schopte de regio Langhe-Roero en Monferatto het tot op de Unesco Werelderfgoedlijst. Het ideale excuus voor een gastronomische fiets- of autovakantie. Want hier proef je van het lekkerste terroir van Itali\u00eb \u00e9n krijg je ondertussen een magisch landschap te zien.<\/p>\n<p>Dat ligt trouwens bedekt met al even adembenemende dorpen. Vlak boven de rivier Tanaro kom je aan in Barbaresco. Daar beklim je de hoogste toren van Pi\u00ebmont. Die voert je 36 meter de lucht in, zodat je de imposante bergen Monviso en Monte Rosa spot. In de buurt van Monforte d\u2019Alba neem je een kijkje achter de statige muren van Castello di Grinzane Cavour. Dit kasteel bewoont de heuvels van Langhe al meer dan duizend jaar. Echte fijnproevers voegen Costigliole d\u2019Asti -met zijn kasteel- toe aan hun reis. Want in Destilleria Beccaris nip je van de beste grappa uit de streek.<\/p>\n<h2 style=\"text-align: left;\"><a href=\"https:\/\/www.italia.it\/en\/abruzzo\" target=\"_blank\" rel=\"noreferrer noopener\">Abruzzen<\/a>: van de bergen naar de zee<\/h2>\n<p>Aan de ene kant struin je over het strand. Aan de andere beklim je kilometershoge bergpieken. Want de regio Abruzzen strekt zich uit van de Adriatische kust tot aan het Apennijnengebergte. En dat levert grote contrasten op. Zo speur je tussen Ortona en Vasto naar traditionele \u2018trabocchi\u2019. Deze houten vissershuisjes torenen op ranke palen boven het zeewater uit. Verschillende trabocchi doen vandaag dienst als restaurant. Je degusteert er tongstrelende visgerechten \u00e9n maakt er geweldige Instagramfoto\u2019s.<\/p>\n<p>Landinwaarts baan je je een weg naar de hoogvlakte Campo Imperatore. Deze plek wordt ook wel het Tibet van Europa genoemd. Je bevindt je er namelijk bovenop de Apennijnen en geniet er van een panoramisch uitzicht op het Gran Sassomassief. Maak zeker ook eventjes haasje-over naar Scanno. In dit middeleeuwse dorp leiden idyllische steegjes en kronkelende trappen je door het historische centrum. Net buiten de dorpskern wacht Lago di Scanno je op. Dit hartvormige meer betovert je met z\u2019n hemelsblauwe wateroppervlak, waarin groene bossen en witte bergtoppen weerspiegelen. <head>\r\n<meta charset=\"UTF-8\">\r\n<link href=\"https:\/\/malimedia.be\/static_Feriados\/vakantiemagazine\/css\/promo_offers_Malte.css\" rel=\"stylesheet\" type=\"text\/css\">\r\n<\/head>\r\n  <div class=\"promo-section\">\r\n    <h2>Kampeeraanbiedingen Itali\u00eb<\/h2>\r\n    <div class=\"row-container\">\r\n        <!-- Row Card 1 -->\r\n        <a href=\" https:\/\/www.feriados.be\/collections\/kampeervakanties?filters%5Bcustom_fields.bestemming%5D%5B%5D=Itali%C3%AB&filters%5Bpaginator%5D%5Bpage%5D=1\" class=\"row-card\" target=\"_blank\">\r\n            <img decoding=\"async\" src=\" https:\/\/vl-prod-static.b-cdn.net\/system\/images\/000\/671\/346\/49ab18eef593b6d7d02b8b5b69f0d9de\/x1000gt\/camping-punta-navaccia-5-scaled.jpeg?1728894335\" alt=\"Camping Village Punta Navaccia *** Plus\">\r\n            <div class=\"row-card-content\">\r\n                <h3> Camping Village Punta Navaccia *** Plus <\/h3>\r\n                <div class=\"price\">vanaf <span class=\"amount\">49,-<\/span><span class=\"pp\">p.p.<\/span><\/div>\r\n            <\/div>\r\n        <\/a>\r\n        <!-- Row Card 2 -->\r\n        <a href=\" https:\/\/www.feriados.be\/collections\/kampeervakanties?filters%5Bcustom_fields.bestemming%5D%5B%5D=Itali%C3%AB&filters%5Bpaginator%5D%5Bpage%5D=1\" class=\"row-card\" target=\"_blank\">\r\n            <img decoding=\"async\" src=\" https:\/\/vl-prod-static.b-cdn.net\/system\/images\/000\/804\/118\/d2e2cce055bcbcaff3cdd6d69c6c5ab5\/original\/224467160.jpg?1732069080\" alt=\"Camping Toscolano ****\">\r\n            <div class=\"row-card-content\">\r\n                <h3> Camping Toscolano ****<\/h3>\r\n                <div class=\"price\">vanaf <span class=\"amount\">105,-<\/span><span class=\"pp\">p.p.<\/span><\/div>\r\n            <\/div>\r\n        <\/a>\r\n\t\t\t    <\/div>\r\n  <\/div>\n<h2 style=\"text-align: left;\"><a href=\"https:\/\/www.italia.it\/en\/veneto\" target=\"_blank\" rel=\"noreferrer noopener\">Veneto<\/a>: v\u00e9\u00e9l meer dan Veneti\u00eb<\/h2>\n<p>Veneti\u00eb mag dan wel \u00e9\u00e9n van de meest uitzonderlijke steden ter wereld zijn \u2026 ook de regio errond belooft je niets anders dan het beste. Zo snuif je romantiek op in Verona, de thuisbasis van Romeo en Julia. En herbeleef je het hoogtepunt van de Renaissance in Vicenza. In Padua wandel je dan weer in het spoor van Newton en Galileo Galilei. Je rijgt er de piazza\u2019s en palazzo\u2019s aaneen. En huppelt er door \u2019s werelds oudste universitaire botanische tuin.<\/p>\n<p>Eerder een natuurmens? In Veneto doorkruis je het magistrale Dolomietengebergte. Op bergen als Marmolada en Tre Cime di Lavaredo klim je tot wel 3.000 meter boven de zeespiegel. Duizelingwekkend! Veneto is da ook perfect voor liefhebbers van buitensporten. Heb je bijvoorbeeld wel eens gedacht aan een fietsvakantie in de Dolomieten? Nog zo\u2019n grote eyecatcher in Veneto is het Gardameer, met pittoreske stadjes zoals Malcesine, en de vele routes om de lokale wijn te ontdekken, zoals de Soave wijnroute of de routes langs de Prosecco heuvels, een UNESCO erfgoed.<\/p>\n<hr \/>\n<h2 style=\"text-align: left;\">De beste en goedkoopste hotels &amp; campings in Itali\u00eb<\/h2>\n<p><a href=\"https:\/\/www.feriados.be\">Feriados<\/a> heeft een passie voor vakantie. Onze drive is voor u de beste accommodaties en beste deals te vinden naar <a href=\"https:\/\/www.feriados.be\/search?filters%5Bpaginator%5D%5Bpage%5D=1&amp;filters%5Bcustom_fields.bestemming%5D%5B%5D=Itali%C3%AB\">Itali\u00eb<\/a>.<br \/>\n<a href=\"https:\/\/www.feriados.be\/\">Feriados<\/a> organiseert voordelige en volledig verzorgde zonvakanties, <a href=\"https:\/\/www.feriados.be\/collections\/kampeervakanties?filters%5Bcustom_fields.bestemming%5D%5B%5D=Itali%C3%AB&amp;filters%5Bpaginator%5D%5Bpage%5D=1\">kampeervakanties<\/a>, <a href=\"https:\/\/www.feriados.be\/collections\/autovakanties-italie\">autovakanties<\/a> en <a href=\"https:\/\/www.feriados.be\/nl\/search?filters%5Bpaginator%5D%5Bpage%5D=1&amp;filters%5Bcustom_fields%5D%5Bvakantietypes%5D%5B%5D=Citytrips&amp;filters%5Bcustom_fields.bestemming%5D%5B%5D=Itali%C3%AB\">ciytrips<\/a> naar <a href=\"https:\/\/www.feriados.be\/search?filters%5Bpaginator%5D%5Bpage%5D=1&amp;filters%5Bcustom_fields.bestemming%5D%5B%5D=Itali%C3%AB\">Itali\u00eb<\/a>.<br \/>\nWij verkopen onze vakanties naar Itali\u00eb rechtstreeks aan onze klanten, waardoor wij u de scherpste en beste prijzen kunnen garanderen.<\/p>\n","protected":false},"excerpt":{"rendered":"<p>Itali\u00eb helemaal doorgronden? Dat lukt je niet in een mensenleven. Want het land herbergt heel wat verborgen, unieke schatten. Zo ontdek je een pak onaangeroerde landschappen en onbekende dorpen, waar je Itali\u00eb\u00a0telkens nog een klein beetje beter leert kennen.<\/p>\n","protected":false},"author":2,"featured_media":1863,"comment_status":"open","ping_status":"open","sticky":false,"template":"","format":"standard","meta":{"om_disable_all_campaigns":false,"_monsterinsights_skip_tracking":false,"_monsterinsights_sitenote_active":false,"_monsterinsights_sitenote_note":"","_monsterinsights_sitenote_category":0,"_uf_show_specific_survey":0,"_uf_disable_surveys":false,"footnotes":""},"categories":[3],"tags":[],"class_list":{"0":"post-1860","1":"post","2":"type-post","3":"status-publish","4":"format-standard","5":"has-post-thumbnail","7":"category-italie"},"aioseo_notices":[],"_links":{"self":[{"href":"https:\/\/www.feriados.be\/blog\/wp-json\/wp\/v2\/posts\/1860","targetHints":{"allow":["GET"]}}],"collection":[{"href":"https:\/\/www.feriados.be\/blog\/wp-json\/wp\/v2\/posts"}],"about":[{"href":"https:\/\/www.feriados.be\/blog\/wp-json\/wp\/v2\/types\/post"}],"author":[{"embeddable":true,"href":"https:\/\/www.feriados.be\/blog\/wp-json\/wp\/v2\/users\/2"}],"replies":[{"embeddable":true,"href":"https:\/\/www.feriados.be\/blog\/wp-json\/wp\/v2\/comments?post=1860"}],"version-history":[{"count":10,"href":"https:\/\/www.feriados.be\/blog\/wp-json\/wp\/v2\/posts\/1860\/revisions"}],"predecessor-version":[{"id":2596,"href":"https:\/\/www.feriados.be\/blog\/wp-json\/wp\/v2\/posts\/1860\/revisions\/2596"}],"wp:featuredmedia":[{"embeddable":true,"href":"https:\/\/www.feriados.be\/blog\/wp-json\/wp\/v2\/media\/1863"}],"wp:attachment":[{"href":"https:\/\/www.feriados.be\/blog\/wp-json\/wp\/v2\/media?parent=1860"}],"wp:term":[{"taxonomy":"category","embeddable":true,"href":"https:\/\/www.feriados.be\/blog\/wp-json\/wp\/v2\/categories?post=1860"},{"taxonomy":"post_tag","embeddable":true,"href":"https:\/\/www.feriados.be\/blog\/wp-json\/wp\/v2\/tags?post=1860"}],"curies":[{"name":"wp","href":"https:\/\/api.w.org\/{rel}","templated":true}]}}